{"id":5071,"date":"2017-09-07T14:16:33","date_gmt":"2017-09-07T14:16:33","guid":{"rendered":"https:\/\/msrisk.com\/?p=5071\/"},"modified":"2017-09-07T14:16:33","modified_gmt":"2017-09-07T14:16:33","slug":"acualizacion-regional-7-de-septembre-de-2017","status":"publish","type":"post","link":"https:\/\/msrisk.com\/es\/sin-categorizar\/acualizacion-regional-7-de-septembre-de-2017\/","title":{"rendered":"Acualizacion Regional (7 de septembre de 2017)"},"content":{"rendered":"<p><strong>La temporada de huracanes m\u00e1s agitada en la historia<\/strong><\/p>\n<p>Estados Unidos y M\u00e9xico est\u00e1n siendo azotados por los mayores huracanes registrados hasta la fecha. M\u00e9xico est\u00e1 siendo azotado por el oeste por la tormenta tropical Linda, y por el este por el hurac\u00e1n de categor\u00eda 1 Katia. Estados Unidos se est\u00e1 llevando la peor parte, reci\u00e9n salido de la cat\u00e1strofe humanitaria que provoc\u00f3 el hurac\u00e1n Harvey, que permaneci\u00f3 inusualmente inm\u00f3vil frente a la costa de Texas, inundando la ciudad de Houston, ahora se enfrenta al mayor hurac\u00e1n registrado en la historia, Irma, que ha devastado Barbuda y se dirige hacia Cuba y Florida, donde se prev\u00e9 que toque tierra con categor\u00eda 5. Cuba y Estados Unidos ya tienen preparada la maquinaria para sofocar los da\u00f1os del hurac\u00e1n, que pasar\u00e1 el viernes por Cuba y el s\u00e1bado por Florida.<\/p>\n<p><strong>La paz aterriza en Colombia junto con la visita del Papa Francisco I<\/strong><\/p>\n<p>La visita del Papa Francisco I a Colombia, que no recibe a un pont\u00edfice desde 1986, aumentar\u00e1 la actividad econ\u00f3mica de las cuatro ciudades que visitar\u00e1 durante su gira, Bogot\u00e1, Villavicencio, Medell\u00edn y Cartagena; se estima que la visita del pont\u00edfice beneficie con 90 millones de d\u00f3lares la econom\u00eda colombiana. Pero la visita del Papa coincide con dos noticias cruciales para la paz en Colombia. El jefe del Clan del Golfo, la banda de narcotr\u00e1fico m\u00e1s importante de Colombia mand\u00f3 una carta al presidente Santos expresando su deseo de entregarse a la justicia y disolver el clan. La lucha entre clanes, el descontento social, y el pasar a ser considerados grupos armados, lo que permiti\u00f3 al Gobierno de Colombia el uso del ej\u00e9rcito en su contra, debilitaron gravemente al Clan del Golfo, que ahora ser\u00e1 sometido a las leyes. El Gobierno de Colombia tambi\u00e9n anunci\u00f3 que se ha firmado un armisticio con el Ej\u00e9rcito de Liberaci\u00f3n Nacional (ELN) de 102 d\u00edas, que dar\u00e1 comienzo el 1 de octubre y ser\u00e1 vigilado por la Iglesia y Naciones Unidas. Las negociaciones para la paz definitiva con el ELN se llevar\u00e1n a cabo en Quito, y contar\u00e1n con Brasil, Chile, Cuba, Noruega y Venezuela como pa\u00edses garantes.<\/p>\n<p><strong>Las FARC seguir\u00e1n siendo las FARC<\/strong><\/p>\n<p>Las FARC han constituido su grupo pol\u00edtico, que pasar\u00e1 a llamarse Fuerza Alternativa Revolucionaria del Com\u00fan (FARC), y usar\u00e1 una rosa roja como s\u00edmbolo. La nueva FARC presentar\u00e1 su nueva direcci\u00f3n y la lista de candidatos para las elecciones legislativas de marzo de 2018, en las que contar\u00e1n, independientemente del resultado, con cinco miembros en el Congreso y cinco en el Senado. Sin embargo, la FARC ha descartado por el momento presentarse a las elecciones presidenciales del a\u00f1o que viene.<\/p>\n<p><strong>Donald Trump usa a los <em>dreamers<\/em> como arma contra los dem\u00f3cratas<\/strong><\/p>\n<p>Trump pone fin al programa DACA que daba amparo legal a los inmigrantes menores de edad que llegaban de forma ilegal al pa\u00eds, y da seis meses al Congreso para encontrar una salida a la crisis a la que sucumbir\u00e1n los 800.000 inmigrantes que se aferraron a dicha norma para permanecer en Estados Unidos. Republicanos y dem\u00f3cratas tendr\u00e1n hasta el 5 de marzo para pactar una soluci\u00f3n a la situaci\u00f3n de los <em>dreamers<\/em>, que se prev\u00e9 dif\u00edcil por el abismo entre ambas formaciones desde la llegada de Donald Trump a la Casa Blanca, y por la dispersi\u00f3n de posiciones entre las filas republicanas. En un giro estrat\u00e9gico, Donald Trump propuso la regularizaci\u00f3n de todas las personas afectadas por el fin de DACA, a cambio de que las c\u00e1maras aprueben un amplio paquete de medidas para luchar contra la inmigraci\u00f3n ilegal, entre las que se incluir\u00eda una polic\u00eda antinmigraci\u00f3n federal y financiaci\u00f3n para construir el muro, algo que ha sido radicalmente rechazado por los dem\u00f3cratas, que acusan a Trump de usar a los <em>dreamers<\/em> como moneda de cambio para la consecuci\u00f3n de sus estramb\u00f3ticas propuestas. La uni\u00f3n de los dem\u00f3cratas les da cierta ventaja en la b\u00fasqueda de apoyos entre las filas republicanas, dado que muchos republicanos han expresado su deseo de regularizar a los <em>dreamers<\/em> a toda costa, puesto que a su llegada al pa\u00eds no eran m\u00e1s que menores sin culpa alguna, que se sentir\u00edan alienados en pa\u00edses que no conocen y de los que no saben siquiera su lengua.<\/p>\n<p><strong>Jimmy Morales acorralado por la corrupci\u00f3n en Guatemala<\/strong><\/p>\n<p>El Tribunal Supremo de Guatemala autoriz\u00f3 que se investigue al presidente del pa\u00eds, Jimmy Morales, por dudas sobre la financiaci\u00f3n de su campa\u00f1a electoral. La medida ir\u00e1 ahora al Congreso, donde los diputado<\/p>\n<p><strong>La temporada de huracanes m\u00e1s agitada en la historia<\/strong><\/p>\n<p>Estados Unidos y M\u00e9xico est\u00e1n siendo azotados por los mayores huracanes registrados hasta la fecha. M\u00e9xico est\u00e1 siendo azotado por el oeste por la tormenta tropical Linda, y por el este por el hurac\u00e1n de categor\u00eda 1 Katia. Estados Unidos se est\u00e1 llevando la peor parte, reci\u00e9n salido de la cat\u00e1strofe humanitaria que provoc\u00f3 el hurac\u00e1n Harvey, que permaneci\u00f3 inusualmente inm\u00f3vil frente a la costa de Texas, inundando la ciudad de Houston, ahora se enfrenta al mayor hurac\u00e1n registrado en la historia, Irma, que ha devastado Barbuda y se dirige hacia Cuba y Florida, donde se prev\u00e9 que toque tierra con categor\u00eda 5. Cuba y Estados Unidos ya tienen preparada la maquinaria para sofocar los da\u00f1os del hurac\u00e1n, que pasar\u00e1 el viernes por Cuba y el s\u00e1bado por Florida.<\/p>\n<p><strong>La paz aterriza en Colombia junto con la visita del Papa Francisco I<\/strong><\/p>\n<p>La visita del Papa Francisco I a Colombia, que no recibe a un pont\u00edfice desde 1986, aumentar\u00e1 la actividad econ\u00f3mica de las cuatro ciudades que visitar\u00e1 durante su gira, Bogot\u00e1, Villavicencio, Medell\u00edn y Cartagena; se estima que la visita del pont\u00edfice beneficie con 90 millones de d\u00f3lares la econom\u00eda colombiana. Pero la visita del Papa coincide con dos noticias cruciales para la paz en Colombia. El jefe del Clan del Golfo, la banda de narcotr\u00e1fico m\u00e1s importante de Colombia mand\u00f3 una carta al presidente Santos expresando su deseo de entregarse a la justicia y disolver el clan. La lucha entre clanes, el descontento social, y el pasar a ser considerados grupos armados, lo que permiti\u00f3 al Gobierno de Colombia el uso del ej\u00e9rcito en su contra, debilitaron gravemente al Clan del Golfo, que ahora ser\u00e1 sometido a las leyes. El Gobierno de Colombia tambi\u00e9n anunci\u00f3 que se ha firmado un armisticio con el Ej\u00e9rcito de Liberaci\u00f3n Nacional (ELN) de 102 d\u00edas, que dar\u00e1 comienzo el 1 de octubre y ser\u00e1 vigilado por la Iglesia y Naciones Unidas. Las negociaciones para la paz definitiva con el ELN se llevar\u00e1n a cabo en Quito, y contar\u00e1n con Brasil, Chile, Cuba, Noruega y Venezuela como pa\u00edses garantes.<\/p>\n<p><strong>Las FARC seguir\u00e1n siendo las FARC<\/strong><\/p>\n<p>Las FARC han constituido su grupo pol\u00edtico, que pasar\u00e1 a llamarse Fuerza Alternativa Revolucionaria del Com\u00fan (FARC), y usar\u00e1 una rosa roja como s\u00edmbolo. La nueva FARC presentar\u00e1 su nueva direcci\u00f3n y la lista de candidatos para las elecciones legislativas de marzo de 2018, en las que contar\u00e1n, independientemente del resultado, con cinco miembros en el Congreso y cinco en el Senado. Sin embargo, la FARC ha descartado por el momento presentarse a las elecciones presidenciales del a\u00f1o que viene.<\/p>\n<p><strong>Donald Trump usa a los <em>dreamers<\/em> como arma contra los dem\u00f3cratas<\/strong><\/p>\n<p>Trump pone fin al programa DACA que daba amparo legal a los inmigrantes menores de edad que llegaban de forma ilegal al pa\u00eds, y da seis meses al Congreso para encontrar una salida a la crisis a la que sucumbir\u00e1n los 800.000 inmigrantes que se aferraron a dicha norma para permanecer en Estados Unidos. Republicanos y dem\u00f3cratas tendr\u00e1n hasta el 5 de marzo para pactar una soluci\u00f3n a la situaci\u00f3n de los <em>dreamers<\/em>, que se prev\u00e9 dif\u00edcil por el abismo entre ambas formaciones desde la llegada de Donald Trump a la Casa Blanca, y por la dispersi\u00f3n de posiciones entre las filas republicanas. En un giro estrat\u00e9gico, Donald Trump propuso la regularizaci\u00f3n de todas las personas afectadas por el fin de DACA, a cambio de que las c\u00e1maras aprueben un amplio paquete de medidas para luchar contra la inmigraci\u00f3n ilegal, entre las que se incluir\u00eda una polic\u00eda antinmigraci\u00f3n federal y financiaci\u00f3n para construir el muro, algo que ha sido radicalmente rechazado por los dem\u00f3cratas, que acusan a Trump de usar a los <em>dreamers<\/em> como moneda de cambio para la consecuci\u00f3n de sus estramb\u00f3ticas propuestas. La uni\u00f3n de los dem\u00f3cratas les da cierta ventaja en la b\u00fasqueda de apoyos entre las filas republicanas, dado que muchos republicanos han expresado su deseo de regularizar a los <em>dreamers<\/em> a toda costa, puesto que a su llegada al pa\u00eds no eran m\u00e1s que menores sin culpa alguna, que se sentir\u00edan alienados en pa\u00edses que no conocen y de los que no saben siquiera su lengua.<\/p>\n<p><strong>Jimmy Morales acorralado por la corrupci\u00f3n en Guatemala<\/strong><\/p>\n<p>El Tribunal Supremo de Guatemala autoriz\u00f3 que se investigue al presidente del pa\u00eds, Jimmy Morales, por dudas sobre la financiaci\u00f3n de su campa\u00f1a electoral. La medida ir\u00e1 ahora al Congreso, donde los diputados tendr\u00e1n que votar para quitarle la inmunidad al presidente. A pesar de no contar con la mayor\u00eda, el presidente se asienta en una serie de alianzas pol\u00edticas que puede que le permitan salir ileso de la acusaci\u00f3n judicial. Sin embargo, esto ser\u00eda un gran varapalo a la credibilidad del Congreso, que es visto por los ciudadanos como la instituci\u00f3n m\u00e1s corrupta y alejada de la ciudadan\u00eda. En otro golpe contra el mandatario guatemalteco, el Tribunal Supremo Electoral de Guatemala (TSE) declar\u00f3 al partido del presidente, el Frente de Convergencia Nacional (FCN-Naci\u00f3n) suspendido administrativamente La decisi\u00f3n obedece a una sanci\u00f3n impuesta al partido por ocultar informaci\u00f3n sobre la financiaci\u00f3n de la campa\u00f1a electoral, as\u00ed como dificultar las investigaciones del tribunal, por lo que se castig\u00f3 al partido con 60.000 d\u00f3lares de multa que no han sido entregados en su fecha l\u00edmite del 31 de agosto. Estos acontecimientos se suman a la decisi\u00f3n del presidente de declarar persona non grata a Iv\u00e1n Vel\u00e1squez, comisionado de la Comisi\u00f3n Internacional Contra la Impunidad en Guatemala, que fue precisamente quien pidi\u00f3 que se investigara al presidente; lo cual incrementa la presi\u00f3n internacional y social contra el presidente Jimmy Morales.<\/p>\n<p>s tendr\u00e1n que votar para quitarle la inmunidad al presidente. A pesar de no contar con la mayor\u00eda, el presidente se asienta en una serie de alianzas pol\u00edticas que puede que le permitan salir ileso de la acusaci\u00f3n judicial. Sin embargo, esto ser\u00eda un gran varapalo a la credibilidad del Congreso, que es visto por los ciudadanos como la instituci\u00f3n m\u00e1s corrupta y alejada de la ciudadan\u00eda. En otro golpe contra el mandatario guatemalteco, el Tribunal Supremo Electoral de Guatemala (TSE) declar\u00f3 al partido del presidente, el Frente de Convergencia Nacional (FCN-Naci\u00f3n) suspendido administrativamente La decisi\u00f3n obedece a una sanci\u00f3n impuesta al partido por ocultar informaci\u00f3n sobre la financiaci\u00f3n de la campa\u00f1a electoral, as\u00ed como dificultar las investigaciones del tribunal, por lo que se castig\u00f3 al partido con 60.000 d\u00f3lares de multa que no han sido entregados en su fecha l\u00edmite del 31 de agosto. Estos acontecimientos se suman a la decisi\u00f3n del presidente de declarar persona non grata a Iv\u00e1n Vel\u00e1squez, comisionado de la Comisi\u00f3n Internacional Contra la Impunidad en Guatemala, que fue precisamente quien pidi\u00f3 que se investigara al presidente; lo cual incrementa la presi\u00f3n internacional y social contra el presidente Jimmy Morales.<\/p>\n","protected":false},"excerpt":{"rendered":"<p><strong>La temporada de huracanes m\u00e1s agitada en la historia<\/strong><\/p>\n<p>Estados Unidos y M\u00e9xico est\u00e1n siendo azotados por los mayores huracanes registrados hasta la fecha. M\u00e9xico est\u00e1 siendo azotado por el oeste por la tormenta tropical Linda, y por el este &hellip;<\/p>\n","protected":false},"author":15,"featured_media":0,"comment_status":"closed","ping_status":"closed","sticky":false,"template":"","format":"standard","meta":{"_exactmetrics_skip_tracking":false,"_exactmetrics_sitenote_active":false,"_exactmetrics_sitenote_note":"","_exactmetrics_sitenote_category":0,"footnotes":""},"categories":[1450],"tags":[],"class_list":["post-5071","post","type-post","status-publish","format-standard","hentry","category-sin-categorizar"],"yoast_head":"<!-- This site is optimized with the Yoast SEO plugin v27.5 - https:\/\/yoast.com\/product\/yoast-seo-wordpress\/ -->\n<title>Acualizacion Regional (7 de septembre de 2017) - MS Risk<\/title>\n<meta name=\"robots\" content=\"index, follow, max-snippet:-1, max-image-preview:large, max-video-preview:-1\" \/>\n<link rel=\"canonical\" href=\"https:\/\/msrisk.com\/es\/sin-categorizar\/acualizacion-regional-7-de-septembre-de-2017\/\" \/>\n<meta name=\"twitter:label1\" content=\"Escrito por\" \/>\n\t<meta name=\"twitter:data1\" content=\"Karolina\" \/>\n\t<meta name=\"twitter:label2\" content=\"Tiempo de lectura\" \/>\n\t<meta name=\"twitter:data2\" content=\"10 minutos\" \/>\n<script type=\"application\/ld+json\" class=\"yoast-schema-graph\">{\"@context\":\"https:\\\/\\\/schema.org\",\"@graph\":[{\"@type\":\"Article\",\"@id\":\"https:\\\/\\\/msrisk.com\\\/es\\\/sin-categorizar\\\/acualizacion-regional-7-de-septembre-de-2017\\\/#article\",\"isPartOf\":{\"@id\":\"https:\\\/\\\/msrisk.com\\\/es\\\/sin-categorizar\\\/acualizacion-regional-7-de-septembre-de-2017\\\/\"},\"author\":{\"name\":\"Karolina\",\"@id\":\"https:\\\/\\\/msrisk.com\\\/#\\\/schema\\\/person\\\/b98d7778efe32c4c88f3e30136740aa1\"},\"headline\":\"Acualizacion Regional (7 de septembre de 2017)\",\"datePublished\":\"2017-09-07T14:16:33+00:00\",\"mainEntityOfPage\":{\"@id\":\"https:\\\/\\\/msrisk.com\\\/es\\\/sin-categorizar\\\/acualizacion-regional-7-de-septembre-de-2017\\\/\"},\"wordCount\":2040,\"articleSection\":[\"Sin categorizar\"],\"inLanguage\":\"es\"},{\"@type\":\"WebPage\",\"@id\":\"https:\\\/\\\/msrisk.com\\\/es\\\/sin-categorizar\\\/acualizacion-regional-7-de-septembre-de-2017\\\/\",\"url\":\"https:\\\/\\\/msrisk.com\\\/es\\\/sin-categorizar\\\/acualizacion-regional-7-de-septembre-de-2017\\\/\",\"name\":\"Acualizacion Regional (7 de septembre de 2017) - MS Risk\",\"isPartOf\":{\"@id\":\"https:\\\/\\\/msrisk.com\\\/#website\"},\"datePublished\":\"2017-09-07T14:16:33+00:00\",\"author\":{\"@id\":\"https:\\\/\\\/msrisk.com\\\/#\\\/schema\\\/person\\\/b98d7778efe32c4c88f3e30136740aa1\"},\"inLanguage\":\"es\",\"potentialAction\":[{\"@type\":\"ReadAction\",\"target\":[\"https:\\\/\\\/msrisk.com\\\/es\\\/sin-categorizar\\\/acualizacion-regional-7-de-septembre-de-2017\\\/\"]}]},{\"@type\":\"WebSite\",\"@id\":\"https:\\\/\\\/msrisk.com\\\/#website\",\"url\":\"https:\\\/\\\/msrisk.com\\\/\",\"name\":\"MS Risk\",\"description\":\"- Security Risk Management -\",\"potentialAction\":[{\"@type\":\"SearchAction\",\"target\":{\"@type\":\"EntryPoint\",\"urlTemplate\":\"https:\\\/\\\/msrisk.com\\\/?s={search_term_string}\"},\"query-input\":{\"@type\":\"PropertyValueSpecification\",\"valueRequired\":true,\"valueName\":\"search_term_string\"}}],\"inLanguage\":\"es\"},{\"@type\":\"Person\",\"@id\":\"https:\\\/\\\/msrisk.com\\\/#\\\/schema\\\/person\\\/b98d7778efe32c4c88f3e30136740aa1\",\"name\":\"Karolina\",\"image\":{\"@type\":\"ImageObject\",\"inLanguage\":\"es\",\"@id\":\"https:\\\/\\\/secure.gravatar.com\\\/avatar\\\/456abaa3025bc7a5d4d9809393cafa2e6ea5e78da5ca5faea8364d576f4fdd7e?s=96&d=mm&r=g\",\"url\":\"https:\\\/\\\/secure.gravatar.com\\\/avatar\\\/456abaa3025bc7a5d4d9809393cafa2e6ea5e78da5ca5faea8364d576f4fdd7e?s=96&d=mm&r=g\",\"contentUrl\":\"https:\\\/\\\/secure.gravatar.com\\\/avatar\\\/456abaa3025bc7a5d4d9809393cafa2e6ea5e78da5ca5faea8364d576f4fdd7e?s=96&d=mm&r=g\",\"caption\":\"Karolina\"}}]}<\/script>\n<!-- \/ Yoast SEO plugin. -->","yoast_head_json":{"title":"Acualizacion Regional (7 de septembre de 2017) - MS Risk","robots":{"index":"index","follow":"follow","max-snippet":"max-snippet:-1","max-image-preview":"max-image-preview:large","max-video-preview":"max-video-preview:-1"},"canonical":"https:\/\/msrisk.com\/es\/sin-categorizar\/acualizacion-regional-7-de-septembre-de-2017\/","twitter_misc":{"Escrito por":"Karolina","Tiempo de lectura":"10 minutos"},"schema":{"@context":"https:\/\/schema.org","@graph":[{"@type":"Article","@id":"https:\/\/msrisk.com\/es\/sin-categorizar\/acualizacion-regional-7-de-septembre-de-2017\/#article","isPartOf":{"@id":"https:\/\/msrisk.com\/es\/sin-categorizar\/acualizacion-regional-7-de-septembre-de-2017\/"},"author":{"name":"Karolina","@id":"https:\/\/msrisk.com\/#\/schema\/person\/b98d7778efe32c4c88f3e30136740aa1"},"headline":"Acualizacion Regional (7 de septembre de 2017)","datePublished":"2017-09-07T14:16:33+00:00","mainEntityOfPage":{"@id":"https:\/\/msrisk.com\/es\/sin-categorizar\/acualizacion-regional-7-de-septembre-de-2017\/"},"wordCount":2040,"articleSection":["Sin categorizar"],"inLanguage":"es"},{"@type":"WebPage","@id":"https:\/\/msrisk.com\/es\/sin-categorizar\/acualizacion-regional-7-de-septembre-de-2017\/","url":"https:\/\/msrisk.com\/es\/sin-categorizar\/acualizacion-regional-7-de-septembre-de-2017\/","name":"Acualizacion Regional (7 de septembre de 2017) - MS Risk","isPartOf":{"@id":"https:\/\/msrisk.com\/#website"},"datePublished":"2017-09-07T14:16:33+00:00","author":{"@id":"https:\/\/msrisk.com\/#\/schema\/person\/b98d7778efe32c4c88f3e30136740aa1"},"inLanguage":"es","potentialAction":[{"@type":"ReadAction","target":["https:\/\/msrisk.com\/es\/sin-categorizar\/acualizacion-regional-7-de-septembre-de-2017\/"]}]},{"@type":"WebSite","@id":"https:\/\/msrisk.com\/#website","url":"https:\/\/msrisk.com\/","name":"MS Risk","description":"- Security Risk Management -","potentialAction":[{"@type":"SearchAction","target":{"@type":"EntryPoint","urlTemplate":"https:\/\/msrisk.com\/?s={search_term_string}"},"query-input":{"@type":"PropertyValueSpecification","valueRequired":true,"valueName":"search_term_string"}}],"inLanguage":"es"},{"@type":"Person","@id":"https:\/\/msrisk.com\/#\/schema\/person\/b98d7778efe32c4c88f3e30136740aa1","name":"Karolina","image":{"@type":"ImageObject","inLanguage":"es","@id":"https:\/\/secure.gravatar.com\/avatar\/456abaa3025bc7a5d4d9809393cafa2e6ea5e78da5ca5faea8364d576f4fdd7e?s=96&d=mm&r=g","url":"https:\/\/secure.gravatar.com\/avatar\/456abaa3025bc7a5d4d9809393cafa2e6ea5e78da5ca5faea8364d576f4fdd7e?s=96&d=mm&r=g","contentUrl":"https:\/\/secure.gravatar.com\/avatar\/456abaa3025bc7a5d4d9809393cafa2e6ea5e78da5ca5faea8364d576f4fdd7e?s=96&d=mm&r=g","caption":"Karolina"}}]}},"_links":{"self":[{"href":"https:\/\/msrisk.com\/es\/wp-json\/wp\/v2\/posts\/5071","targetHints":{"allow":["GET"]}}],"collection":[{"href":"https:\/\/msrisk.com\/es\/wp-json\/wp\/v2\/posts"}],"about":[{"href":"https:\/\/msrisk.com\/es\/wp-json\/wp\/v2\/types\/post"}],"author":[{"embeddable":true,"href":"https:\/\/msrisk.com\/es\/wp-json\/wp\/v2\/users\/15"}],"replies":[{"embeddable":true,"href":"https:\/\/msrisk.com\/es\/wp-json\/wp\/v2\/comments?post=5071"}],"version-history":[{"count":0,"href":"https:\/\/msrisk.com\/es\/wp-json\/wp\/v2\/posts\/5071\/revisions"}],"wp:attachment":[{"href":"https:\/\/msrisk.com\/es\/wp-json\/wp\/v2\/media?parent=5071"}],"wp:term":[{"taxonomy":"category","embeddable":true,"href":"https:\/\/msrisk.com\/es\/wp-json\/wp\/v2\/categories?post=5071"},{"taxonomy":"post_tag","embeddable":true,"href":"https:\/\/msrisk.com\/es\/wp-json\/wp\/v2\/tags?post=5071"}],"curies":[{"name":"wp","href":"https:\/\/api.w.org\/{rel}","templated":true}]}}